{"id":302,"date":"2008-06-17T20:13:28","date_gmt":"2008-06-17T19:13:28","guid":{"rendered":"http:\/\/www.impulse-online.de\/wordpress\/?p=302"},"modified":"2008-06-17T20:13:28","modified_gmt":"2008-06-17T19:13:28","slug":"infos-zum-togo","status":"publish","type":"post","link":"https:\/\/www.impulse-online.de\/wordpress\/2008\/06\/17\/infos-zum-togo\/","title":{"rendered":"infos zum Togo"},"content":{"rendered":"<p>Together-Gottesdienst<br \/>\nWann: 22.06.08<br \/>\nZeit: 18:45 Uhr<br \/>\nWo: Schlachthof Bruchsal<br \/>\nThema: &#8222;Mitten in dieser Welt\u201c<br \/>\nAnsprache: Die ganz gro\u00dfen Fische:<\/p>\n<p>&#8211; Patrick Meinhart (Kriminalbeamter)<br \/>\n&#8211; Klaus H\u00e4ndel (Inhaber H\u00e4ndel GGG)<br \/>\n&#8211; Matthias Greve (Vorstandsmitglied 1&#038;1 Internet AG)<\/p>\n<p>Musik: Impulse-Band<\/p>\n<p>Zum Thema:<\/p>\n<p>Mitten in dieser Welt sind wir alle und das ist nicht immer einfach. Aber wie sieht das bei Menschen aus, die mitten im Beruf und mitten in der Wirtschaft stecken? Wie lebt man in einer Welt, in der die ganz Gro\u00dfen sich bel\u00fcgen, bespitzeln und Steuern hinterziehen. Wie f\u00fchlt es sich an, wenn meine Fehlentscheidung Millionen kosten k\u00f6nnte. Wie ist es Verantwortung nicht nur f\u00fcr sich selbst, sondern auch noch f\u00fcr andere Menschen \u00fcbernehmen muss, f\u00fcr ihre Erziehung, ihre Bildung, ihre Gesundheit?<\/p>\n<p>Wir wollen es wissen! Darum fragen wir nach!<br \/>\nWir laden leitende Pers\u00f6nlichkeiten aus der Wirtschaft ein und bitten um Antwort. Wie ist es mitten in dieser Welt und wie finde ich meinen Platz dort? Wie kann ich meinen Glauben leben mitten in Karrieredenken, Konkurrenzkampf und Schuldzuweisungen. Wie lebe ich meinen Glauben individuell, passend f\u00fcr mich und in meinem Umfeld? Wie verhalte ich mich im Beruf und wie gehe ich mit den Konflikten in meinem Alltag um? Wie kann ich Zeugnis geben?<br \/>\nFragen, die uns unser Leben lang begleiten werden, stellen wir heute und wollen einmal wissen, wie die ganz Gro\u00dfen uns antworten werden. Seid gespannt<\/p>\n","protected":false},"excerpt":{"rendered":"<p>Together-Gottesdienst Wann: 22.06.08 Zeit: 18:45 Uhr Wo: Schlachthof Bruchsal Thema: &#8222;Mitten in dieser Welt\u201c Ansprache: Die ganz gro\u00dfen Fische: &#8211; Patrick Meinhart (Kriminalbeamter) &#8211; Klaus H\u00e4ndel (Inhaber H\u00e4ndel GGG) &#8211; Matthias Greve (Vorstandsmitglied 1&#038;1 Internet AG) Musik: Impulse-Band Zum Thema:&#8230; <a class=\"more-link\" href=\"https:\/\/www.impulse-online.de\/wordpress\/2008\/06\/17\/infos-zum-togo\/\">Weiterlesen &rarr;<\/a><\/p>\n","protected":false},"author":2,"featured_media":0,"comment_status":"open","ping_status":"open","sticky":false,"template":"","format":"standard","meta":{"footnotes":""},"categories":[3],"tags":[25,108],"class_list":["post-302","post","type-post","status-publish","format-standard","hentry","category-together","tag-25","tag-together"],"_links":{"self":[{"href":"https:\/\/www.impulse-online.de\/wordpress\/wp-json\/wp\/v2\/posts\/302","targetHints":{"allow":["GET"]}}],"collection":[{"href":"https:\/\/www.impulse-online.de\/wordpress\/wp-json\/wp\/v2\/posts"}],"about":[{"href":"https:\/\/www.impulse-online.de\/wordpress\/wp-json\/wp\/v2\/types\/post"}],"author":[{"embeddable":true,"href":"https:\/\/www.impulse-online.de\/wordpress\/wp-json\/wp\/v2\/users\/2"}],"replies":[{"embeddable":true,"href":"https:\/\/www.impulse-online.de\/wordpress\/wp-json\/wp\/v2\/comments?post=302"}],"version-history":[{"count":0,"href":"https:\/\/www.impulse-online.de\/wordpress\/wp-json\/wp\/v2\/posts\/302\/revisions"}],"wp:attachment":[{"href":"https:\/\/www.impulse-online.de\/wordpress\/wp-json\/wp\/v2\/media?parent=302"}],"wp:term":[{"taxonomy":"category","embeddable":true,"href":"https:\/\/www.impulse-online.de\/wordpress\/wp-json\/wp\/v2\/categories?post=302"},{"taxonomy":"post_tag","embeddable":true,"href":"https:\/\/www.impulse-online.de\/wordpress\/wp-json\/wp\/v2\/tags?post=302"}],"curies":[{"name":"wp","href":"https:\/\/api.w.org\/{rel}","templated":true}]}}