{"id":2401,"date":"2014-04-25T08:45:30","date_gmt":"2014-04-25T07:45:30","guid":{"rendered":"http:\/\/www.impulse-online.de\/wordpress\/?p=2401"},"modified":"2014-04-25T08:45:30","modified_gmt":"2014-04-25T07:45:30","slug":"unser-erster-tag-beginnt","status":"publish","type":"post","link":"https:\/\/www.impulse-online.de\/wordpress\/2014\/04\/25\/unser-erster-tag-beginnt\/","title":{"rendered":"Unser erster Tag beginnt&#8230;"},"content":{"rendered":"<p>&#8230; nach einer wohl f\u00fcr die Mehrheit von uns relativ kurzen Nacht, starteten wir unterschiedlich in den sonnigen, herrlichen Tag: Gemeinsames Bibellesen, mit der &#8222;bible on tour&#8220; oder\u00a0<span style=\"line-height: 1.5;\">eine Andacht mit Besprechung f\u00fcr\u00a0<\/span><span style=\"line-height: 1.5;\">die Mitarbeitenden &#8211; unser Tag begann mit Jesus.\u00a0<\/span><\/p>\n<p><span style=\"line-height: 1.5;\">Denn: ER geht mit in diese vor uns liegende Zeit &#8211; ER geht mit in diesen Morgen und die erste Basic-Einheit, ER geht mit in diesen Nachmittag und ist bei all den verschiedenen Seminaren dabei!\u00a0<\/span><\/p>\n<p>Die gemeinsame Zeit beim Fr\u00fchst\u00fcck bot bereits viele M\u00f6glichkeiten, um miteinander ins Gespr\u00e4ch zu kommen und \/ oder sich ganz neu kennenzulernen. Auf das diese Gemeinschaft heute weiterhin eine so gute Gemeinschaft bleibt und immer noch besser wird!!! :)<\/p>\n<p>In diesem Sinne:\u00a0<span style=\"line-height: 1.5;\">Lassen wir die Sonnenstrahlen dieses Tages auch in unsere Herzen hinein scheinen, versuchen wir doch mutig loszugehen, aufeinander zuzugehen und dabei loszulassen, was uns von Jesus trennt, was uns belastet und uns Sorgen macht.\u00a0<\/span><\/p>\n<p><span style=\"line-height: 1.5;\">Lassen wir Jesus in unsere Herzen hinein!<\/span><\/p>\n<p><span style=\"line-height: 1.5;\">Auf in unseren ersten ganzen BISS-Tag! :)\u00a0<\/span><\/p>\n<p>&nbsp;<\/p>\n","protected":false},"excerpt":{"rendered":"<p>&#8230; nach einer wohl f\u00fcr die Mehrheit von uns relativ kurzen Nacht, starteten wir unterschiedlich in den sonnigen, herrlichen Tag: Gemeinsames Bibellesen, mit der &#8222;bible on tour&#8220; oder\u00a0eine Andacht mit Besprechung f\u00fcr\u00a0die Mitarbeitenden &#8211; unser Tag begann mit Jesus.\u00a0 Denn:&#8230; <a class=\"more-link\" href=\"https:\/\/www.impulse-online.de\/wordpress\/2014\/04\/25\/unser-erster-tag-beginnt\/\">Weiterlesen &rarr;<\/a><\/p>\n","protected":false},"author":14,"featured_media":0,"comment_status":"open","ping_status":"open","sticky":false,"template":"","format":"standard","meta":{"footnotes":""},"categories":[33],"tags":[],"class_list":["post-2401","post","type-post","status-publish","format-standard","hentry","category-biss-cip"],"_links":{"self":[{"href":"https:\/\/www.impulse-online.de\/wordpress\/wp-json\/wp\/v2\/posts\/2401","targetHints":{"allow":["GET"]}}],"collection":[{"href":"https:\/\/www.impulse-online.de\/wordpress\/wp-json\/wp\/v2\/posts"}],"about":[{"href":"https:\/\/www.impulse-online.de\/wordpress\/wp-json\/wp\/v2\/types\/post"}],"author":[{"embeddable":true,"href":"https:\/\/www.impulse-online.de\/wordpress\/wp-json\/wp\/v2\/users\/14"}],"replies":[{"embeddable":true,"href":"https:\/\/www.impulse-online.de\/wordpress\/wp-json\/wp\/v2\/comments?post=2401"}],"version-history":[{"count":1,"href":"https:\/\/www.impulse-online.de\/wordpress\/wp-json\/wp\/v2\/posts\/2401\/revisions"}],"predecessor-version":[{"id":2402,"href":"https:\/\/www.impulse-online.de\/wordpress\/wp-json\/wp\/v2\/posts\/2401\/revisions\/2402"}],"wp:attachment":[{"href":"https:\/\/www.impulse-online.de\/wordpress\/wp-json\/wp\/v2\/media?parent=2401"}],"wp:term":[{"taxonomy":"category","embeddable":true,"href":"https:\/\/www.impulse-online.de\/wordpress\/wp-json\/wp\/v2\/categories?post=2401"},{"taxonomy":"post_tag","embeddable":true,"href":"https:\/\/www.impulse-online.de\/wordpress\/wp-json\/wp\/v2\/tags?post=2401"}],"curies":[{"name":"wp","href":"https:\/\/api.w.org\/{rel}","templated":true}]}}