{"id":1849,"date":"2013-04-09T20:45:41","date_gmt":"2013-04-09T19:45:41","guid":{"rendered":"http:\/\/www.impulse-online.de\/wordpress\/?p=1849"},"modified":"2013-04-09T22:18:02","modified_gmt":"2013-04-09T21:18:02","slug":"abschlussgottesdienst-mit-sendung-ich-bin-gesegnet-wo-ich-auch-hingehe","status":"publish","type":"post","link":"https:\/\/www.impulse-online.de\/wordpress\/2013\/04\/09\/abschlussgottesdienst-mit-sendung-ich-bin-gesegnet-wo-ich-auch-hingehe\/","title":{"rendered":"Abschlussgottesdienst mit Sendung &#8211; &#8222;Ich bin gesegnet, wo ich auch hingehe&#8220;"},"content":{"rendered":"<h4 style=\"text-align: center;\"><\/h4>\n<h4 style=\"text-align: center;\"><span style=\"color: #003366;\"><em>Es kommt darauf an, dass wir als Gesegnete unterwegs sind.<\/em><\/span><\/h4>\n<p>Vielleicht werden wir alle gemeinsam einmal vom h\u00f6chsten Punkt Ellmendingens aus das ganze Land in Bewegung bringen!? &#8211; Was f\u00fcr eine Idee! In Gottes Auftrag dort oben stehen und Botschafter der himmlischen Regierung sein&#8230;<\/p>\n<p>&nbsp;<\/p>\n<p style=\"text-align: center;\"><a href=\"http:\/\/www.impulse-online.de\/wordpress\/wp-content\/uploads\/2013\/04\/cid_CBDEA440-31A0-438C-ABBB-57DF5DFC86A7@fritz.jpg\"><img loading=\"lazy\" decoding=\"async\" class=\"size-medium wp-image-1860\" alt=\"!cid_CBDEA440-31A0-438C-ABBB-57DF5DFC86A7@fritz\" src=\"http:\/\/www.impulse-online.de\/wordpress\/wp-content\/uploads\/2013\/04\/cid_CBDEA440-31A0-438C-ABBB-57DF5DFC86A7@fritz-300x225.jpg\" width=\"319\" height=\"239\" \/><\/a><\/p>\n<p>&nbsp;<\/p>\n<p>&nbsp;<\/p>\n<p><em>Wie aber steht es mit dem Aufnehmen und Verfolgen dessen, was Gott von uns will?<\/em><\/p>\n<p>Mit diesen Gedanken lud uns Ralf Zimmermann in seiner Predigt beim Abschlussgottesdienst noch einmal ein, zur Ruhe zu kommen und nachzudenken: R\u00fcckblickend auf die BISS-Zeit, die hinter uns liegt, ebenso aber auch vorausblickend auf die Dinge, die uns ganz individuell, zur\u00fcck in unserer Heimat, erwarten werden.<\/p>\n<p>Begonnen haben wir unser BISS mit dem Christushymnus aus dem Philipperbrief. Letztlich kommt es <strong>auf Jesus<\/strong> an. Der Hymnus aber soll durch unser pers\u00f6nliches Leben lebendig werden. Die logischen Konsequenzen des Hymnus m\u00fcssen Realit\u00e4t werden.<\/p>\n<p>Dabei kommt es <strong>auf das Herz<\/strong> an, auf Jesu und auf unser Herz. Wir haben eine Berufung &#8211; lasst uns dieser nachgehen!<\/p>\n<p><strong>Auf die Sendung<\/strong> kommt&#8217;s an. Diese ist unser Grundauftrag. Wir sind gesendet, zu allen Menschen hinzugehen.<\/p>\n<p>Nun sollte es im Gottesdienst noch einmal darum gehen, dass es auch darauf ankommt, dass wir <strong>als Gesegnete unterwegs<\/strong> sind.<\/p>\n<p>Was aber steckt hinter dem vielleicht f\u00fcr manche von uns mysteri\u00f6s scheinenden Segen? In verschiedenen Situationen wird uns Segen zugesprochen. Das Wort &#8222;Segen&#8220; kommt vom lateinischen &#8222;signare&#8220;, <strong>gezeichnet sein<\/strong>.<\/p>\n<p>Abraham ist einer der &#8222;gezeichneten&#8220; im Alten Testament. Auf 5-fache Weise erh\u00e4lt er durch Segen Zuspruch.<\/p>\n<p style=\"text-align: center;\"><strong>Gottes Segen ist ein Segen, worauf du dich verlassen kannst!<\/strong><\/p>\n<p>Durch Gottes Segen werden wir mit heilvoller Kraft begabt; Kraft, um Neuland zu betreten, wie Abraham es tat, oder Kraft f\u00fcr unsere pers\u00f6nliche Aufgabe &#8211; die Aufgabe, an die Gott DICH gestellt hat. Trotz Zweifel, die auch der gro\u00dfe Abraham hatte, blieb Abraham sein ganzes Leben lang ein Gesegneter.<\/p>\n<p>Dabei gilt es auch f\u00fcr dich pers\u00f6nlich niemals zu vergessen, dass Gott mit dir ist und nicht von deiner Seite weichen wird. Wir d\u00fcrfen darauf vertrauen, dass denen, die Jesus nachfolgen, alle Dinge zum Besten dienen.<\/p>\n<p>Nach diesem Gottesdienst sind wir zur\u00fcckgeschickt worden in unsere Heimatgemeinden, zur\u00fcck nach Hause; an unsere Aufgabe, egal wie sie aussieht.<\/p>\n<p style=\"text-align: center;\"><strong>Wir sind\u00a0 in die Welt hinaus gesendete Botschafter Gottes, gesendet von der himmlischen Regierung.<\/strong><\/p>\n<p>Auch Jakob sollte zur\u00fcckziehen in sein Vaterland, aber Gott sagt: &#8222;Hey, ich will mit dir sein!&#8220; Gott gibt Jakob seinen Segen, so auch DIR. <strong>Dieser Segen ist alles, was wir brauchen.<\/strong><\/p>\n<p><span style=\"color: #000099;\">Ein Blick auf die Geschichte von Jakob&#8217;s Kampf am Jabbokfluss (1Mos 32). <\/span><\/p>\n<ul>\n<li><span style=\"color: #000099;\">Jakobs Kampf war ein <strong>einsamer Kampf<\/strong>. Eine Nacht lang k\u00e4mpfte Jakob. Auch wir k\u00e4mpfen. Auch wir tun das manchmal einsam. Aber wie Jakob, so k\u00f6nnen auch wir diesen Kampf gewinnen.\u00a0<\/span><\/li>\n<\/ul>\n<ul>\n<li><span style=\"color: #000099;\">Der Kampf war ein <strong>Kampf mit Bedingungen<\/strong>. Jakob wollte etwas von Gott, er wollte Segen. Segen, der uns zugeeignet ist.<\/span><\/li>\n<\/ul>\n<ul>\n<li><span style=\"color: #000099;\">Wie Jakob ein <strong>Zeichen<\/strong> bekam, einen Schlag auf die H\u00fcfte, werden auch wir gezeichnet sein. Wir werden als Christen sensibel f\u00fcr das, was wir m\u00f6chten. Das geh\u00f6rt dazu.<\/span><\/li>\n<\/ul>\n<p>Wir d\u00fcrfen ganz fest auf Gottes wunderbare Zusage vertrauen: &#8222;<strong>Ich bin gesegnet, wo ich auch hingehe!&#8220; <\/strong>Gott zieht seine Hand nicht von dir ab.<\/p>\n<p><strong><span style=\"color: #990033;\">&#8222;Gott stellt sich zu mir.&#8220;<\/span> <\/strong>&#8211; Diese Zusage ist gesetzt, sie ist unwiderruflich! Das, was Gott bereit h\u00e4lt f\u00fcr dich, das gilt und geh\u00f6rt dir!<\/p>\n<p><strong>Gehen wir zur\u00fcck an unsere Aufgaben vor Ort als Gesegnete und Gesendete mit Vollmacht.<\/strong><\/p>\n<p style=\"text-align: center;\"><span style=\"color: #003366;\"><strong><em>Jos 1,9: <\/em><\/strong><\/span><\/p>\n<p style=\"text-align: center;\"><span style=\"color: #003366;\"><strong><em>Siehe, ich habe dir geboten, dass du getrost und unverzagt seist. Lass dir nicht grauen und entsetze dich nicht; denn der HERR, dein Gott, ist mit dir in allem, was du tun wirst. <\/em><\/strong><\/span><\/p>\n<p style=\"text-align: center;\">\n<p style=\"text-align: center;\"><a href=\"http:\/\/www.impulse-online.de\/wordpress\/wp-content\/uploads\/2013\/04\/cid_DC5C9367-0A52-4F07-8DF7-32C69EF56F52@fritz.jpg\"><img loading=\"lazy\" decoding=\"async\" class=\"alignnone size-medium wp-image-1861\" alt=\"!cid_DC5C9367-0A52-4F07-8DF7-32C69EF56F52@fritz\" src=\"http:\/\/www.impulse-online.de\/wordpress\/wp-content\/uploads\/2013\/04\/cid_DC5C9367-0A52-4F07-8DF7-32C69EF56F52@fritz-225x300.jpg\" width=\"282\" height=\"376\" \/><\/a><\/p>\n","protected":false},"excerpt":{"rendered":"<p>Es kommt darauf an, dass wir als Gesegnete unterwegs sind. Vielleicht werden wir alle gemeinsam einmal vom h\u00f6chsten Punkt Ellmendingens aus das ganze Land in Bewegung bringen!? &#8211; Was f\u00fcr eine Idee! In Gottes Auftrag dort oben stehen und Botschafter&#8230; <a class=\"more-link\" href=\"https:\/\/www.impulse-online.de\/wordpress\/2013\/04\/09\/abschlussgottesdienst-mit-sendung-ich-bin-gesegnet-wo-ich-auch-hingehe\/\">Weiterlesen &rarr;<\/a><\/p>\n","protected":false},"author":14,"featured_media":0,"comment_status":"open","ping_status":"open","sticky":false,"template":"","format":"standard","meta":{"footnotes":""},"categories":[33],"tags":[],"class_list":["post-1849","post","type-post","status-publish","format-standard","hentry","category-biss-cip"],"_links":{"self":[{"href":"https:\/\/www.impulse-online.de\/wordpress\/wp-json\/wp\/v2\/posts\/1849","targetHints":{"allow":["GET"]}}],"collection":[{"href":"https:\/\/www.impulse-online.de\/wordpress\/wp-json\/wp\/v2\/posts"}],"about":[{"href":"https:\/\/www.impulse-online.de\/wordpress\/wp-json\/wp\/v2\/types\/post"}],"author":[{"embeddable":true,"href":"https:\/\/www.impulse-online.de\/wordpress\/wp-json\/wp\/v2\/users\/14"}],"replies":[{"embeddable":true,"href":"https:\/\/www.impulse-online.de\/wordpress\/wp-json\/wp\/v2\/comments?post=1849"}],"version-history":[{"count":2,"href":"https:\/\/www.impulse-online.de\/wordpress\/wp-json\/wp\/v2\/posts\/1849\/revisions"}],"predecessor-version":[{"id":1874,"href":"https:\/\/www.impulse-online.de\/wordpress\/wp-json\/wp\/v2\/posts\/1849\/revisions\/1874"}],"wp:attachment":[{"href":"https:\/\/www.impulse-online.de\/wordpress\/wp-json\/wp\/v2\/media?parent=1849"}],"wp:term":[{"taxonomy":"category","embeddable":true,"href":"https:\/\/www.impulse-online.de\/wordpress\/wp-json\/wp\/v2\/categories?post=1849"},{"taxonomy":"post_tag","embeddable":true,"href":"https:\/\/www.impulse-online.de\/wordpress\/wp-json\/wp\/v2\/tags?post=1849"}],"curies":[{"name":"wp","href":"https:\/\/api.w.org\/{rel}","templated":true}]}}