{"id":1358,"date":"2011-05-08T16:47:29","date_gmt":"2011-05-08T15:47:29","guid":{"rendered":"http:\/\/www.impulse-online.de\/wordpress\/?p=1358"},"modified":"2011-05-08T16:47:29","modified_gmt":"2011-05-08T15:47:29","slug":"1358","status":"publish","type":"post","link":"http:\/\/www.impulse-online.de\/wordpress\/2011\/05\/08\/1358\/","title":{"rendered":""},"content":{"rendered":"<p><a href=\"http:\/\/www.impulse-online.de\/wordpress\/wp-content\/uploads\/2010\/11\/shefflied.jpg\"><img loading=\"lazy\" decoding=\"async\" class=\"alignnone size-medium wp-image-1094\" src=\"http:\/\/www.impulse-online.de\/wordpress\/wp-content\/uploads\/2010\/11\/shefflied-300x181.jpg\" alt=\"\" width=\"300\" height=\"181\" \/><\/a><\/p>\n<p>Sooo jetzt h\u00f6rt ihr auch endlich mal wieder etwas von mir. Nach ein paar Tagen in London und einer sch\u00f6nen Zeit in Sheffield stand auch Ostern schon vor der T\u00fcr. Die Feierlichkeiten in der Kirche fingen schon mit dem Gr\u00fcndonnerstag an. Es gab abends einen Gottesdienst der sozusagen dem Letzten Abendmahl nachempfunden war, d.h. in der Kirche wurden erst einmal alle St\u00fchle verr\u00fcckt und es wurde ein grosser Halbkreis aus Tischen gebildet. So haben wir dann zusammen Gottesdienst gefeiert und zwischendurch gab es immer mal wieder etwas zu essen. Ein Gottesdienst ganz nach meinem Geschmack ;-).<!--more--><\/p>\n<p>Am Karfreitag wurde man zum Lesen des Ganzen Johannes-Evangeliums eingeladen und im Anschluss haben wir mit den Jugendlichen ein kleinen reflektiven Gottesdienst gehabt, wo es auch ganz grundlegend darum ging warum wir eigentich Ostern \u00fcberhaupt feiern. Und am Ostersonntag dann nat\u00fcrlich einen sehr fr\u00f6hlichen Gottesdienst in dem die Kinder und Jugendlichen w\u00e4hrend dem Gebet nach drau\u00dfen sind, um kleine Ostereier zu suchen. Au\u00dferdem gab es ein kleines Anspiel in dem die drei Heiligen K\u00f6nige etwas versp\u00e4tet immer noch nach dem Stern suchten und lieb und nett erkl\u00e4rt bekamen, dass wir schon die Auferstehung Jesu feiern und nicht erst die Geburt ;-).<\/p>\n<p>Kurz danach hie\u00df es f\u00fcr Hendrik und mich dann auf nach Deutschland \u2013 zum BISS. Dar\u00fcber kann man hier ja schon einiges lesen. Deshalb nur kurz von mir: Hendrik und ich haben ein Seminar \u00fcber die Kirche und mein Jahr hier gemacht. Echt interessant, das Ganze mal so zu reflektieren.<\/p>\n<p>Als wir dann zur\u00fcck kamen, ging es auch gleich sehr aufregend weiter. Denn nach einem Jahr ohne Pfarrer war letzten Mittwoch der Einf\u00fchrungsgottesdienst f\u00fcr den neuen Pfarrer Philipp Ireson. Und da durfte ich dann zum ersten Mal so einen richtig anglikanischen Gottesdienst erleben, so mit Bischof, Dekan und zehn anderen Pfarrern aus der Gegend. Es gab auch sehr viel zum Sagen. Philipp musste seinen Vertrag unterschreiben, der ihn an die anglikanische Kirche bindet und im wurden offiziell die Schl\u00fcssel zur Kirche \u00fcberreicht. Im Anschluss musste er dann auch noch die Kirchenglocken von Hand l\u00e4uten. Alles doch sehr traditionell anglikanisch :-). Hier ein Bild, das zwar bearbeitet ist, aber man kriegt glaub ich so ne Idee wie das Ganze ausgesehen hat.<\/p>\n<p><a href=\"http:\/\/www.impulse-online.de\/wordpress\/wp-content\/uploads\/2011\/05\/228383_10150190085857793_609537792_7397086_7164007_n.jpg\"><img loading=\"lazy\" decoding=\"async\" class=\"alignnone size-medium wp-image-1359\" src=\"http:\/\/www.impulse-online.de\/wordpress\/wp-content\/uploads\/2011\/05\/228383_10150190085857793_609537792_7397086_7164007_n-224x300.jpg\" alt=\"\" width=\"224\" height=\"300\" \/><\/a><\/p>\n<p>Letzten Donnerstag war mein 20. Geburtstag und dazu gabs am Freitag in der Jugendgruppe eine kleine \u00dcberraschungsparty mit Schokoladenkuchen und Wunderkerzen und allem drum und dran.<\/p>\n<p>Also rundum ein paar sehr aufregende Wochen ;-)<\/p>\n<p>Viele Gr\u00fc\u00dfe<\/p>\n<p>Julia<\/p>\n<p>&nbsp;<\/p>\n","protected":false},"excerpt":{"rendered":"<p>Sooo jetzt h\u00f6rt ihr auch endlich mal wieder etwas von mir. Nach ein paar Tagen in London und einer sch\u00f6nen Zeit in Sheffield stand auch Ostern schon vor der T\u00fcr. Die Feierlichkeiten in der Kirche fingen schon mit dem Gr\u00fcndonnerstag&#8230; <a class=\"more-link\" href=\"http:\/\/www.impulse-online.de\/wordpress\/2011\/05\/08\/1358\/\">Weiterlesen &rarr;<\/a><\/p>\n","protected":false},"author":8,"featured_media":0,"comment_status":"open","ping_status":"open","sticky":false,"template":"","format":"standard","meta":{"footnotes":""},"categories":[4],"tags":[],"class_list":["post-1358","post","type-post","status-publish","format-standard","hentry","category-cip"],"_links":{"self":[{"href":"http:\/\/www.impulse-online.de\/wordpress\/wp-json\/wp\/v2\/posts\/1358","targetHints":{"allow":["GET"]}}],"collection":[{"href":"http:\/\/www.impulse-online.de\/wordpress\/wp-json\/wp\/v2\/posts"}],"about":[{"href":"http:\/\/www.impulse-online.de\/wordpress\/wp-json\/wp\/v2\/types\/post"}],"author":[{"embeddable":true,"href":"http:\/\/www.impulse-online.de\/wordpress\/wp-json\/wp\/v2\/users\/8"}],"replies":[{"embeddable":true,"href":"http:\/\/www.impulse-online.de\/wordpress\/wp-json\/wp\/v2\/comments?post=1358"}],"version-history":[{"count":2,"href":"http:\/\/www.impulse-online.de\/wordpress\/wp-json\/wp\/v2\/posts\/1358\/revisions"}],"predecessor-version":[{"id":1361,"href":"http:\/\/www.impulse-online.de\/wordpress\/wp-json\/wp\/v2\/posts\/1358\/revisions\/1361"}],"wp:attachment":[{"href":"http:\/\/www.impulse-online.de\/wordpress\/wp-json\/wp\/v2\/media?parent=1358"}],"wp:term":[{"taxonomy":"category","embeddable":true,"href":"http:\/\/www.impulse-online.de\/wordpress\/wp-json\/wp\/v2\/categories?post=1358"},{"taxonomy":"post_tag","embeddable":true,"href":"http:\/\/www.impulse-online.de\/wordpress\/wp-json\/wp\/v2\/tags?post=1358"}],"curies":[{"name":"wp","href":"https:\/\/api.w.org\/{rel}","templated":true}]}}